{"id":1435,"date":"2024-08-09T18:33:14","date_gmt":"2024-08-09T16:33:14","guid":{"rendered":"https:\/\/www.caritas.gda.pl\/frassati-lipcowe-wakacje\/"},"modified":"2024-08-09T18:33:14","modified_gmt":"2024-08-09T16:33:14","slug":"frassati-lipcowe-wakacje","status":"publish","type":"post","link":"https:\/\/www.caritas.gda.pl\/en\/frassati-lipcowe-wakacje\/","title":{"rendered":"Frassati-lipcowe wakacje"},"content":{"rendered":"<div class=\"pdfprnt-buttons pdfprnt-buttons-post pdfprnt-top-left\"><a href=\"https:\/\/www.caritas.gda.pl\/en\/wp-json\/wp\/v2\/posts\/1435?print=print\" class=\"pdfprnt-button pdfprnt-button-print\" target=\"_blank\"><img decoding=\"async\" src=\"http:\/\/caritas2.noveo6.cfolks.pl\/wp-content\/plugins\/pdf-print\/images\/print.png\" alt=\"image_print\" title=\"Print Content\" \/><span class=\"pdfprnt-button-title pdfprnt-button-print-title\">print<\/span><\/a><\/div>","protected":false},"excerpt":{"rendered":"<p>Czas wakacji p\u0142ynie nam niezwykle szybko. \ud83d\ude42 Ostatnie tygodnie min\u0119\u0142y nam na kolejnych atrakcjach. Id\u0105c Gda\u0144skim Szlakiem Wodoci\u0105g\u00f3w zwiedzili\u015bmy Zbiornik Sobieskiego. <\/p>\n","protected":false},"author":6,"featured_media":545,"comment_status":"closed","ping_status":"closed","sticky":false,"template":"","format":"standard","meta":{"_acf_changed":false,"inline_featured_image":false,"footnotes":""},"categories":[1],"tags":[],"class_list":["post-1435","post","type-post","status-publish","format-standard","has-post-thumbnail","hentry","category-bez-kategorii"],"acf":[],"yoast_head":"<!-- This site is optimized with the Yoast SEO plugin v26.0 - https:\/\/yoast.com\/wordpress\/plugins\/seo\/ -->\n<title>Frassati-lipcowe wakacje - Caritas<\/title>\n<meta name=\"robots\" content=\"index, follow, max-snippet:-1, max-image-preview:large, max-video-preview:-1\" \/>\n<link rel=\"canonical\" href=\"https:\/\/www.caritas.gda.pl\/en\/frassati-lipcowe-wakacje\/\" \/>\n<meta property=\"og:locale\" content=\"en_US\" \/>\n<meta property=\"og:type\" content=\"article\" \/>\n<meta property=\"og:title\" content=\"Frassati-lipcowe wakacje - Caritas\" \/>\n<meta property=\"og:description\" content=\"Czas wakacji p\u0142ynie nam niezwykle szybko. :) Ostatnie tygodnie min\u0119\u0142y nam na kolejnych atrakcjach. Id\u0105c Gda\u0144skim Szlakiem Wodoci\u0105g\u00f3w zwiedzili\u015bmy Zbiornik Sobieskiego.\" \/>\n<meta property=\"og:url\" content=\"https:\/\/www.caritas.gda.pl\/en\/frassati-lipcowe-wakacje\/\" \/>\n<meta property=\"og:site_name\" content=\"Caritas\" \/>\n<meta property=\"article:published_time\" content=\"2024-08-09T16:33:14+00:00\" \/>\n<meta property=\"og:image\" content=\"https:\/\/www.caritas.gda.pl\/wp-content\/uploads\/2024\/07\/frassati-e1737713350588.jpg\" \/>\n\t<meta property=\"og:image:width\" content=\"1928\" \/>\n\t<meta property=\"og:image:height\" content=\"2560\" \/>\n\t<meta property=\"og:image:type\" content=\"image\/jpeg\" \/>\n<meta name=\"author\" content=\"novicjusz11\" \/>\n<meta name=\"twitter:card\" content=\"summary_large_image\" \/>\n<meta name=\"twitter:label1\" content=\"Written by\" \/>\n\t<meta name=\"twitter:data1\" content=\"novicjusz11\" \/>\n<script type=\"application\/ld+json\" class=\"yoast-schema-graph\">{\"@context\":\"https:\/\/schema.org\",\"@graph\":[{\"@type\":\"WebPage\",\"@id\":\"https:\/\/www.caritas.gda.pl\/en\/frassati-lipcowe-wakacje\/\",\"url\":\"https:\/\/www.caritas.gda.pl\/en\/frassati-lipcowe-wakacje\/\",\"name\":\"Frassati-lipcowe wakacje - Caritas\",\"isPartOf\":{\"@id\":\"https:\/\/www.caritas.gda.pl\/#website\"},\"primaryImageOfPage\":{\"@id\":\"https:\/\/www.caritas.gda.pl\/en\/frassati-lipcowe-wakacje\/#primaryimage\"},\"image\":{\"@id\":\"https:\/\/www.caritas.gda.pl\/en\/frassati-lipcowe-wakacje\/#primaryimage\"},\"thumbnailUrl\":\"https:\/\/www.caritas.gda.pl\/wp-content\/uploads\/2024\/07\/frassati-e1737713350588.jpg\",\"datePublished\":\"2024-08-09T16:33:14+00:00\",\"author\":{\"@id\":\"https:\/\/www.caritas.gda.pl\/#\/schema\/person\/1b93dd9d2f53d2d7005ca21f90dfd207\"},\"breadcrumb\":{\"@id\":\"https:\/\/www.caritas.gda.pl\/en\/frassati-lipcowe-wakacje\/#breadcrumb\"},\"inLanguage\":\"en-US\",\"potentialAction\":[{\"@type\":\"ReadAction\",\"target\":[\"https:\/\/www.caritas.gda.pl\/en\/frassati-lipcowe-wakacje\/\"]}]},{\"@type\":\"ImageObject\",\"inLanguage\":\"en-US\",\"@id\":\"https:\/\/www.caritas.gda.pl\/en\/frassati-lipcowe-wakacje\/#primaryimage\",\"url\":\"https:\/\/www.caritas.gda.pl\/wp-content\/uploads\/2024\/07\/frassati-e1737713350588.jpg\",\"contentUrl\":\"https:\/\/www.caritas.gda.pl\/wp-content\/uploads\/2024\/07\/frassati-e1737713350588.jpg\",\"width\":1928,\"height\":2560},{\"@type\":\"BreadcrumbList\",\"@id\":\"https:\/\/www.caritas.gda.pl\/en\/frassati-lipcowe-wakacje\/#breadcrumb\",\"itemListElement\":[{\"@type\":\"ListItem\",\"position\":1,\"name\":\"Home\",\"item\":\"https:\/\/www.caritas.gda.pl\/en\/\"},{\"@type\":\"ListItem\",\"position\":2,\"name\":\"Frassati-lipcowe wakacje\"}]},{\"@type\":\"WebSite\",\"@id\":\"https:\/\/www.caritas.gda.pl\/#website\",\"url\":\"https:\/\/www.caritas.gda.pl\/\",\"name\":\"Caritas\",\"description\":\"\",\"potentialAction\":[{\"@type\":\"SearchAction\",\"target\":{\"@type\":\"EntryPoint\",\"urlTemplate\":\"https:\/\/www.caritas.gda.pl\/?s={search_term_string}\"},\"query-input\":{\"@type\":\"PropertyValueSpecification\",\"valueRequired\":true,\"valueName\":\"search_term_string\"}}],\"inLanguage\":\"en-US\"},{\"@type\":\"Person\",\"@id\":\"https:\/\/www.caritas.gda.pl\/#\/schema\/person\/1b93dd9d2f53d2d7005ca21f90dfd207\",\"name\":\"novicjusz11\",\"image\":{\"@type\":\"ImageObject\",\"inLanguage\":\"en-US\",\"@id\":\"https:\/\/www.caritas.gda.pl\/#\/schema\/person\/image\/\",\"url\":\"https:\/\/secure.gravatar.com\/avatar\/f9c18a1c0b00143895875766d2e8da69aaac28363028a9d0aa31a11156a7743c?s=96&d=mm&r=g\",\"contentUrl\":\"https:\/\/secure.gravatar.com\/avatar\/f9c18a1c0b00143895875766d2e8da69aaac28363028a9d0aa31a11156a7743c?s=96&d=mm&r=g\",\"caption\":\"novicjusz11\"},\"url\":\"https:\/\/www.caritas.gda.pl\/en\/author\/novicjusz11\/\"}]}<\/script>\n<!-- \/ Yoast SEO plugin. -->","yoast_head_json":{"title":"Frassati-lipcowe wakacje - Caritas","robots":{"index":"index","follow":"follow","max-snippet":"max-snippet:-1","max-image-preview":"max-image-preview:large","max-video-preview":"max-video-preview:-1"},"canonical":"https:\/\/www.caritas.gda.pl\/en\/frassati-lipcowe-wakacje\/","og_locale":"en_US","og_type":"article","og_title":"Frassati-lipcowe wakacje - Caritas","og_description":"Czas wakacji p\u0142ynie nam niezwykle szybko. :) Ostatnie tygodnie min\u0119\u0142y nam na kolejnych atrakcjach. Id\u0105c Gda\u0144skim Szlakiem Wodoci\u0105g\u00f3w zwiedzili\u015bmy Zbiornik Sobieskiego.","og_url":"https:\/\/www.caritas.gda.pl\/en\/frassati-lipcowe-wakacje\/","og_site_name":"Caritas","article_published_time":"2024-08-09T16:33:14+00:00","og_image":[{"width":1928,"height":2560,"url":"https:\/\/www.caritas.gda.pl\/wp-content\/uploads\/2024\/07\/frassati-e1737713350588.jpg","type":"image\/jpeg"}],"author":"novicjusz11","twitter_card":"summary_large_image","twitter_misc":{"Written by":"novicjusz11"},"schema":{"@context":"https:\/\/schema.org","@graph":[{"@type":"WebPage","@id":"https:\/\/www.caritas.gda.pl\/en\/frassati-lipcowe-wakacje\/","url":"https:\/\/www.caritas.gda.pl\/en\/frassati-lipcowe-wakacje\/","name":"Frassati-lipcowe wakacje - Caritas","isPartOf":{"@id":"https:\/\/www.caritas.gda.pl\/#website"},"primaryImageOfPage":{"@id":"https:\/\/www.caritas.gda.pl\/en\/frassati-lipcowe-wakacje\/#primaryimage"},"image":{"@id":"https:\/\/www.caritas.gda.pl\/en\/frassati-lipcowe-wakacje\/#primaryimage"},"thumbnailUrl":"https:\/\/www.caritas.gda.pl\/wp-content\/uploads\/2024\/07\/frassati-e1737713350588.jpg","datePublished":"2024-08-09T16:33:14+00:00","author":{"@id":"https:\/\/www.caritas.gda.pl\/#\/schema\/person\/1b93dd9d2f53d2d7005ca21f90dfd207"},"breadcrumb":{"@id":"https:\/\/www.caritas.gda.pl\/en\/frassati-lipcowe-wakacje\/#breadcrumb"},"inLanguage":"en-US","potentialAction":[{"@type":"ReadAction","target":["https:\/\/www.caritas.gda.pl\/en\/frassati-lipcowe-wakacje\/"]}]},{"@type":"ImageObject","inLanguage":"en-US","@id":"https:\/\/www.caritas.gda.pl\/en\/frassati-lipcowe-wakacje\/#primaryimage","url":"https:\/\/www.caritas.gda.pl\/wp-content\/uploads\/2024\/07\/frassati-e1737713350588.jpg","contentUrl":"https:\/\/www.caritas.gda.pl\/wp-content\/uploads\/2024\/07\/frassati-e1737713350588.jpg","width":1928,"height":2560},{"@type":"BreadcrumbList","@id":"https:\/\/www.caritas.gda.pl\/en\/frassati-lipcowe-wakacje\/#breadcrumb","itemListElement":[{"@type":"ListItem","position":1,"name":"Home","item":"https:\/\/www.caritas.gda.pl\/en\/"},{"@type":"ListItem","position":2,"name":"Frassati-lipcowe wakacje"}]},{"@type":"WebSite","@id":"https:\/\/www.caritas.gda.pl\/#website","url":"https:\/\/www.caritas.gda.pl\/","name":"Caritas","description":"","potentialAction":[{"@type":"SearchAction","target":{"@type":"EntryPoint","urlTemplate":"https:\/\/www.caritas.gda.pl\/?s={search_term_string}"},"query-input":{"@type":"PropertyValueSpecification","valueRequired":true,"valueName":"search_term_string"}}],"inLanguage":"en-US"},{"@type":"Person","@id":"https:\/\/www.caritas.gda.pl\/#\/schema\/person\/1b93dd9d2f53d2d7005ca21f90dfd207","name":"novicjusz11","image":{"@type":"ImageObject","inLanguage":"en-US","@id":"https:\/\/www.caritas.gda.pl\/#\/schema\/person\/image\/","url":"https:\/\/secure.gravatar.com\/avatar\/f9c18a1c0b00143895875766d2e8da69aaac28363028a9d0aa31a11156a7743c?s=96&d=mm&r=g","contentUrl":"https:\/\/secure.gravatar.com\/avatar\/f9c18a1c0b00143895875766d2e8da69aaac28363028a9d0aa31a11156a7743c?s=96&d=mm&r=g","caption":"novicjusz11"},"url":"https:\/\/www.caritas.gda.pl\/en\/author\/novicjusz11\/"}]}},"_links":{"self":[{"href":"https:\/\/www.caritas.gda.pl\/en\/wp-json\/wp\/v2\/posts\/1435","targetHints":{"allow":["GET"]}}],"collection":[{"href":"https:\/\/www.caritas.gda.pl\/en\/wp-json\/wp\/v2\/posts"}],"about":[{"href":"https:\/\/www.caritas.gda.pl\/en\/wp-json\/wp\/v2\/types\/post"}],"author":[{"embeddable":true,"href":"https:\/\/www.caritas.gda.pl\/en\/wp-json\/wp\/v2\/users\/6"}],"replies":[{"embeddable":true,"href":"https:\/\/www.caritas.gda.pl\/en\/wp-json\/wp\/v2\/comments?post=1435"}],"version-history":[{"count":0,"href":"https:\/\/www.caritas.gda.pl\/en\/wp-json\/wp\/v2\/posts\/1435\/revisions"}],"wp:featuredmedia":[{"embeddable":true,"href":"https:\/\/www.caritas.gda.pl\/en\/wp-json\/wp\/v2\/media\/545"}],"wp:attachment":[{"href":"https:\/\/www.caritas.gda.pl\/en\/wp-json\/wp\/v2\/media?parent=1435"}],"wp:term":[{"taxonomy":"category","embeddable":true,"href":"https:\/\/www.caritas.gda.pl\/en\/wp-json\/wp\/v2\/categories?post=1435"},{"taxonomy":"post_tag","embeddable":true,"href":"https:\/\/www.caritas.gda.pl\/en\/wp-json\/wp\/v2\/tags?post=1435"}],"curies":[{"name":"wp","href":"https:\/\/api.w.org\/{rel}","templated":true}]}}